{"id":375,"date":"2025-01-28T00:00:00","date_gmt":"2025-01-28T00:00:00","guid":{"rendered":"https:\/\/moje-ulubione-banki.pl\/?p=375"},"modified":"2025-02-25T13:04:23","modified_gmt":"2025-02-25T13:04:23","slug":"stylowe-pomysly-na-zestawienia-z-bezowa-kurtka-na-jesien","status":"publish","type":"post","link":"https:\/\/moje-ulubione-banki.pl\/ro\/stylowe-pomysly-na-zestawienia-z-bezowa-kurtka-na-jesien\/","title":{"rendered":"Idei elegante pentru \u021binute cu o jachet\u0103 bej pentru toamn\u0103"},"content":{"rendered":"<div class=\"kk-star-ratings kksr-auto kksr-align-left kksr-valign-top\"\n    data-payload='{&quot;align&quot;:&quot;left&quot;,&quot;id&quot;:&quot;375&quot;,&quot;slug&quot;:&quot;default&quot;,&quot;valign&quot;:&quot;top&quot;,&quot;ignore&quot;:&quot;&quot;,&quot;reference&quot;:&quot;auto&quot;,&quot;class&quot;:&quot;&quot;,&quot;count&quot;:&quot;0&quot;,&quot;legendonly&quot;:&quot;&quot;,&quot;readonly&quot;:&quot;&quot;,&quot;score&quot;:&quot;0&quot;,&quot;starsonly&quot;:&quot;&quot;,&quot;best&quot;:&quot;5&quot;,&quot;gap&quot;:&quot;5&quot;,&quot;greet&quot;:&quot;&quot;,&quot;legend&quot;:&quot;0\\\/5 - (0 votes)&quot;,&quot;size&quot;:&quot;24&quot;,&quot;title&quot;:&quot;Stylowe pomys\u0142y na zestawienia z be\u017cow\u0105 kurtk\u0105 na jesie\u0144&quot;,&quot;width&quot;:&quot;0&quot;,&quot;_legend&quot;:&quot;{score}\\\/{best} - ({count} {votes})&quot;,&quot;font_factor&quot;:&quot;1.25&quot;}'>\n            \n<div class=\"kksr-stars\">\n    \n<div class=\"kksr-stars-inactive\">\n            <div class=\"kksr-star\" data-star=\"1\" style=\"padding-right: 5px\">\n            \n\n<div class=\"kksr-icon\" style=\"width: 24px; height: 24px;\"><\/div>\n        <\/div>\n            <div class=\"kksr-star\" data-star=\"2\" style=\"padding-right: 5px\">\n            \n\n<div class=\"kksr-icon\" style=\"width: 24px; height: 24px;\"><\/div>\n        <\/div>\n            <div class=\"kksr-star\" data-star=\"3\" style=\"padding-right: 5px\">\n            \n\n<div class=\"kksr-icon\" style=\"width: 24px; height: 24px;\"><\/div>\n        <\/div>\n            <div class=\"kksr-star\" data-star=\"4\" style=\"padding-right: 5px\">\n            \n\n<div class=\"kksr-icon\" style=\"width: 24px; height: 24px;\"><\/div>\n        <\/div>\n            <div class=\"kksr-star\" data-star=\"5\" style=\"padding-right: 5px\">\n            \n\n<div class=\"kksr-icon\" style=\"width: 24px; height: 24px;\"><\/div>\n        <\/div>\n    <\/div>\n    \n<div class=\"kksr-stars-active\" style=\"width: 0px;\">\n            <div class=\"kksr-star\" style=\"padding-right: 5px\">\n            \n\n<div class=\"kksr-icon\" style=\"width: 24px; height: 24px;\"><\/div>\n        <\/div>\n            <div class=\"kksr-star\" style=\"padding-right: 5px\">\n            \n\n<div class=\"kksr-icon\" style=\"width: 24px; height: 24px;\"><\/div>\n        <\/div>\n            <div class=\"kksr-star\" style=\"padding-right: 5px\">\n            \n\n<div class=\"kksr-icon\" style=\"width: 24px; height: 24px;\"><\/div>\n        <\/div>\n            <div class=\"kksr-star\" style=\"padding-right: 5px\">\n            \n\n<div class=\"kksr-icon\" style=\"width: 24px; height: 24px;\"><\/div>\n        <\/div>\n            <div class=\"kksr-star\" style=\"padding-right: 5px\">\n            \n\n<div class=\"kksr-icon\" style=\"width: 24px; height: 24px;\"><\/div>\n        <\/div>\n    <\/div>\n<\/div>\n                \n\n<div class=\"kksr-legend\" style=\"font-size: 19.2px;\">\n            <span class=\"kksr-muted\"><\/span>\n    <\/div>\n    <\/div>\n<p>O jachet\u0103 bej nu este doar un element vestimentar, ci un element esen\u021bial \u00een orice garderob\u0103 de toamn\u0103. Datorit\u0103 culorilor sale neutre, poate fi u\u0219or combinat\u0103 cu alte culori, ceea ce o face o solu\u021bie incredibil de universal\u0103 pentru diverse ocazii. Toamna este o perioad\u0103 \u00een care nu doar culorile frunzelor se schimb\u0103, ci \u0219i modul nostru de a ne \u00eembr\u0103ca. \u00cen aceast\u0103 perioad\u0103, vrem nu doar s\u0103 ar\u0103t\u0103m bine, ci \u0219i s\u0103 ne sim\u021bim confortabil. A\u0219adar, merit\u0103 s\u0103 ne g\u00e2ndim cu aten\u021bie la cum s\u0103 \u00eempletim acest element discret \u00een stilurile noastre pentru zilele mai reci. Mai jos v\u0103 prezent\u0103m idei interesante de combina\u021bii care cu siguran\u021b\u0103 v\u0103 vor inspira s\u0103 v\u0103 crea\u021bi propriile stiluri la mod\u0103.<\/p>\n<p>O jachet\u0103 bej este incredibil de flexibil\u0103 atunci c\u00e2nd vine vorba de asortarea cu diferite stiluri. Poate fi asortat\u0103 at\u00e2t cu haine sport, c\u00e2t \u0219i cu cele elegante. Adesea merit\u0103 s\u0103 apelezi la accesorii care s\u0103 completeze ansamblul \u0219i s\u0103 adauge caracter. \u00cen acest articol, vom prezenta nu doar idei de stil, ci \u0219i sfaturi practice despre cum s\u0103 \u00eengrije\u0219ti jacheta, astfel \u00eenc\u00e2t s\u0103 fie potrivit\u0103 pentru mai multe sezoane. Nu uita c\u0103 fiecare stil ar trebui s\u0103 reflecte personalitatea ta, a\u0219a c\u0103 te \u00eencuraj\u0103m s\u0103 experimentezi cu propriul stil. Cu combina\u021bia potrivit\u0103 de culori \u0219i texturi, o jachet\u0103 bej va deveni cu siguran\u021b\u0103 un element preferat al garderobei tale.<\/p>\n<h2>De ce merit\u0103 s\u0103 ai o jachet\u0103 bej \u00een garderob\u0103?<\/h2>\n<p><img decoding=\"async\" alt=\"M\u0142ody m\u0119\u017cczyzna w jasnoz\u0142otej kurtce spaceruje po parku, otoczony z\u0142otymi li\u015b\u0107mi drzew.\" src=\"https:\/\/moje-ulubione-banki.pl\/wp-content\/uploads\/2025\/01\/imagecf77ac82783d4e1f884c0c34e26e9ca5.png\"\/><\/p>\n<ul>\n<li><strong>Versatilitate:<\/strong> este o baz\u0103 excelent\u0103 pentru multe stiluri colorate.<\/li>\n<li><strong>Aspect elegant:<\/strong> potrivit at\u00e2t pentru ie\u0219irile de zi cu zi, c\u00e2t \u0219i pentru \u00eent\u00e2lnirile formale.<\/li>\n<li><strong>Potrivit pentru diferite anotimpuri:<\/strong> Poate fi purtat prim\u0103vara \u0219i toamna, combinat cu accesorii potrivite.<\/li>\n<\/ul>\n<h2>Idei de combina\u021bii cu o jachet\u0103 bej<\/h2>\n<p><img decoding=\"async\" alt=\"Kobieta w eleganckim be\u017cowym garniturze stoi w nowoczesnym biurze z du\u017cymi oknami.\" src=\"https:\/\/moje-ulubione-banki.pl\/wp-content\/uploads\/2025\/01\/image52eaefa5ac2748d2b694eb7d5e69f635.png\"\/><\/p>\n<h3>Aspect casual cu o jachet\u0103 bej<\/h3>\n<p>\u00cen cazul unui stil casual, de zi cu zi, merit\u0103 s\u0103 alegi elemente lejere. O jachet\u0103 bej se potrive\u0219te de minune cu tricouri \u0219i blugi simpli. Arunc\u0103 o privire la \u00eendatoririle tale zilnice - fie c\u0103 este vorba de cump\u0103r\u0103turi casual sau de o \u00eent\u00e2lnire cu prietenii. Completarea perfect\u0103 a unui astfel de stil vor fi adida\u0219ii, care vor garanta confortul \u0219i vor ad\u0103uga un caracter sportiv. De asemenea, merit\u0103 completat setul cu un rucsac la mod\u0103, care va face \u00eentregul ansamblu nu doar atractiv, ci \u0219i func\u021bional. Re\u021bine c\u0103 cheia unui look casual este capacitatea de a combina diferite elemente \u00eentr-un \u00eentreg coerent.<\/p>\n<h3>Stil de birou cu o jachet\u0103 bej<\/h3>\n<p>O jachet\u0103 bej poate fi, de asemenea, o alegere excelent\u0103 pentru birou, mai ales dac\u0103 o asortezi cu o c\u0103ma\u0219\u0103 elegant\u0103 \u0219i o fust\u0103 creion. Aceast\u0103 combina\u021bie te va face s\u0103 ar\u0103\u021bi profesional\u0103, dar \u00een acela\u0219i timp vei men\u021bine un stil la mod\u0103. Stiletto-urile elegante, \u00eentr-o culoare discret\u0103, vor completa ansamblul \u0219i \u00ee\u021bi vor pune \u00een valoare atuurile. De asemenea, merit\u0103 s\u0103 te g\u00e2nde\u0219ti la accesorii, cum ar fi bijuterii delicate sau o geant\u0103 \u00eengrijit\u0103, care vor ad\u0103uga caracter. O \u021binut\u0103 de birou bine compus\u0103 nu este doar o chestiune de estetic\u0103, ci \u0219i de cum te sim\u021bi la locul de munc\u0103. O astfel de \u021binut\u0103 va atrage cu siguran\u021b\u0103 aten\u021bia asupra sim\u021bului t\u0103u de stil \u0219i a aten\u021biei la detalii.<\/p>\n<table border=\"1\">\n<tr>\n<th>Stilizare<\/th>\n<th>Elemente<\/th>\n<th>Extrasuri<\/th>\n<\/tr>\n<tr>\n<td>Casual<\/td>\n<td>Tricou, blugi<\/td>\n<td>Adida\u0219i, rucsac<\/td>\n<\/tr>\n<tr>\n<td>Birou<\/td>\n<td>C\u0103ma\u0219\u0103, fust\u0103 creion<\/td>\n<td>Tocuri \u00eenalte, bijuterii delicate<\/td>\n<\/tr>\n<tr>\n<td>Sportiv<\/td>\n<td>Trening, tricou<\/td>\n<td>Ghete la glezn\u0103, geant\u0103 sport<\/td>\n<\/tr>\n<\/table>\n<h2>Accesorii pentru o jachet\u0103 bej<\/h2>\n<p>Accesoriile sunt esen\u021biale pentru crearea unui look. Pot ad\u0103uga caracter \u0219i pot \u00eenviora chiar \u0219i cea mai discret\u0103 \u021binut\u0103. Iat\u0103 c\u00e2teva sugestii de luat \u00een considerare:<\/p>\n<ul>\n<li><strong>E\u0219arf\u0103 \u00eentr-o culoare puternic\u0103:<\/strong> Va \u00eenviora \u00eentregul stil \u0219i va ad\u0103uga profunzime aspectului t\u0103u.<\/li>\n<li><strong>Geant\u0103 \u00een culori contrastante:<\/strong> Va accentua stilul t\u0103u individual \u0219i va da \u00eentregului aspect expresivitate.<\/li>\n<li><strong>Bijuterii:<\/strong> Colierele \u0219i br\u0103\u021b\u0103rile delicate pot ad\u0103uga elegan\u021b\u0103 \u0219i subtilitate.<\/li>\n<\/ul>\n<h2>Cum s\u0103 \u00eengrije\u0219ti o jachet\u0103 bej?<\/h2>\n<p>\u00cengrijirea corespunz\u0103toare a unei jachete bej este esen\u021bial\u0103 pentru longevitatea sa. Cur\u0103\u021barea regulat\u0103 va ajuta la men\u021binerea aspectului estetic al materialului. De asemenea, evita\u021bi expunerea prelungit\u0103 la murd\u0103rie. C\u00e2nd vine momentul s\u0103 depozita\u021bi jacheta, nu uita\u021bi s\u0103 o pune\u021bi la \u00eent\u00e2mplare \u00een dulap. Cel mai bine este s\u0103 ag\u0103\u021ba\u021bi jacheta pe un umera\u0219, ceea ce va preveni \u0219ifonarea. Acorda\u021bi aten\u021bie materialului cu care lucra\u021bi, deoarece diferite \u021bes\u0103turi necesit\u0103 o \u00eengrijire diferit\u0103.<\/p>\n<h2>Rezumat<\/h2>\n<p>O jachet\u0103 bej nu este doar un element la mod\u0103, ci mai presus de toate un gadget versatil \u0219i practic \u00een orice garderob\u0103. Datorit\u0103 variet\u0103\u021bii de combina\u021bii, devine baza multor stiluri universale. Indiferent dac\u0103 preferi un look casual, un stil office elegant sau un set sport, o jachet\u0103 bej se va potrivi cu siguran\u021b\u0103. Cheia succesului este combinarea iscusit\u0103 cu alte elemente \u0219i selec\u021bia potrivit\u0103 a accesoriilor. De asemenea, merit\u0103 s\u0103 nu ui\u021bi s\u0103 ai grij\u0103 de jachet\u0103 pentru a te bucura de aspectul ei de-a lungul anotimpurilor. Investind \u00een calitate \u0219i stil, vei crea propriile combina\u021bii unice care \u00ee\u021bi vor sublinia personalitatea la fiecare pas.<\/p>\n<h2>\u00centreb\u0103ri frecvente<\/h2>\n<ul>\n<li><strong>Ce culori se potrivesc cel mai bine cu o jachet\u0103 bej?<\/strong> \u2013 O jachet\u0103 bej se potrive\u0219te de minune cu alb, negru, bleumarin \u0219i culori pastelate.<\/li>\n<li><strong>Se potrive\u0219te o jachet\u0103 bej cu multe stiluri?<\/strong> \u2013 Da, este foarte universal \u0219i se va potrivi bine \u00een \u021binute casual, office \u0219i sport.<\/li>\n<li><strong>Ce pantofi s\u0103 alegi pentru o jachet\u0103 bej?<\/strong> \u2013 O jachet\u0103 bej se potrive\u0219te bine at\u00e2t cu tocuri \u00eenalte elegante, c\u00e2t \u0219i cu teni\u0219i sau botine comozi.<\/li>\n<li><strong>Este o jachet\u0103 bej potrivit\u0103 pentru iarn\u0103?<\/strong> \u2013 \u00cen func\u021bie de material, poate fi purtat\u0103 iarna dac\u0103 este izolat\u0103 corespunz\u0103tor.<\/li>\n<\/ul>","protected":false},"excerpt":{"rendered":"<p>O jachet\u0103 bej nu este doar o pies\u0103 vestimentar\u0103, ci un adev\u0103rat must-have \u00een orice garderob\u0103 de toamn\u0103. Datorit\u0103 schemei sale de culori neutre, poate fi u\u0219or asortat\u0103 cu alte culori, ceea ce o face incredibil de versatil\u0103 pentru o varietate de ocazii. Toamna este o perioad\u0103 \u00een care nu doar culorile frunzelor se schimb\u0103, ci \u0219i modul \u00een care ne \u00eembr\u0103c\u0103m. \u00cen aceast\u0103 perioad\u0103, vrem s\u0103 [\u2026]<\/p>","protected":false},"author":2,"featured_media":371,"comment_status":"closed","ping_status":"closed","sticky":false,"template":"","format":"standard","meta":{"_acf_changed":false,"footnotes":""},"categories":[1],"tags":[],"class_list":["post-375","post","type-post","status-publish","format-standard","has-post-thumbnail","hentry","category-blog"],"acf":[],"yoast_head":"<!-- This site is optimized with the Yoast SEO plugin v23.2 - https:\/\/yoast.com\/wordpress\/plugins\/seo\/ -->\n<title>Stylowe zestawienia z be\u017cow\u0105 kurtk\u0105 na jesie\u0144 - Inspiracje i porady<\/title>\n<meta name=\"description\" content=\"Odkryj modne pomys\u0142y na zestawienia z be\u017cow\u0105 kurtk\u0105 na jesie\u0144! Sprawd\u017a, jak j\u0105 stylowo \u0142\u0105czy\u0107 i piel\u0119gnowa\u0107 w swojej garderobie.\" \/>\n<meta name=\"robots\" content=\"index, follow, max-snippet:-1, max-image-preview:large, max-video-preview:-1\" \/>\n<link rel=\"canonical\" href=\"https:\/\/moje-ulubione-banki.pl\/ro\/stylowe-pomysly-na-zestawienia-z-bezowa-kurtka-na-jesien\/\" \/>\n<meta property=\"og:locale\" content=\"ro_RO\" \/>\n<meta property=\"og:type\" content=\"article\" \/>\n<meta property=\"og:title\" content=\"Stylowe zestawienia z be\u017cow\u0105 kurtk\u0105 na jesie\u0144 - Inspiracje i porady\" \/>\n<meta property=\"og:description\" content=\"Odkryj modne pomys\u0142y na zestawienia z be\u017cow\u0105 kurtk\u0105 na jesie\u0144! Sprawd\u017a, jak j\u0105 stylowo \u0142\u0105czy\u0107 i piel\u0119gnowa\u0107 w swojej garderobie.\" \/>\n<meta property=\"og:url\" content=\"https:\/\/moje-ulubione-banki.pl\/ro\/stylowe-pomysly-na-zestawienia-z-bezowa-kurtka-na-jesien\/\" \/>\n<meta property=\"og:site_name\" content=\"moje-ulubione-banki.pl\" \/>\n<meta property=\"article:published_time\" content=\"2025-01-28T00:00:00+00:00\" \/>\n<meta property=\"article:modified_time\" content=\"2025-02-25T13:04:23+00:00\" \/>\n<meta property=\"og:image\" content=\"https:\/\/moje-ulubione-banki.pl\/wp-content\/uploads\/2025\/01\/imageda0a91388dcb43649e3b23596d4d233b.png\" \/>\n\t<meta property=\"og:image:width\" content=\"1024\" \/>\n\t<meta property=\"og:image:height\" content=\"768\" \/>\n\t<meta property=\"og:image:type\" content=\"image\/png\" \/>\n<meta name=\"author\" content=\"Aleksandra Szczepa\u0144ska\" \/>\n<meta name=\"twitter:card\" content=\"summary_large_image\" \/>\n<meta name=\"twitter:label1\" content=\"Scris de\" \/>\n\t<meta name=\"twitter:data1\" content=\"Aleksandra Szczepa\u0144ska\" \/>\n\t<meta name=\"twitter:label2\" content=\"Timp estimat pentru citire\" \/>\n\t<meta name=\"twitter:data2\" content=\"4 minute\" \/>\n<script type=\"application\/ld+json\" class=\"yoast-schema-graph\">{\"@context\":\"https:\/\/schema.org\",\"@graph\":[{\"@type\":\"WebPage\",\"@id\":\"https:\/\/moje-ulubione-banki.pl\/stylowe-pomysly-na-zestawienia-z-bezowa-kurtka-na-jesien\/\",\"url\":\"https:\/\/moje-ulubione-banki.pl\/stylowe-pomysly-na-zestawienia-z-bezowa-kurtka-na-jesien\/\",\"name\":\"Stylowe zestawienia z be\u017cow\u0105 kurtk\u0105 na jesie\u0144 - Inspiracje i porady\",\"isPartOf\":{\"@id\":\"https:\/\/moje-ulubione-banki.pl\/#website\"},\"primaryImageOfPage\":{\"@id\":\"https:\/\/moje-ulubione-banki.pl\/stylowe-pomysly-na-zestawienia-z-bezowa-kurtka-na-jesien\/#primaryimage\"},\"image\":{\"@id\":\"https:\/\/moje-ulubione-banki.pl\/stylowe-pomysly-na-zestawienia-z-bezowa-kurtka-na-jesien\/#primaryimage\"},\"thumbnailUrl\":\"https:\/\/moje-ulubione-banki.pl\/wp-content\/uploads\/2025\/01\/imageda0a91388dcb43649e3b23596d4d233b.png\",\"datePublished\":\"2025-01-28T00:00:00+00:00\",\"dateModified\":\"2025-02-25T13:04:23+00:00\",\"author\":{\"@id\":\"https:\/\/moje-ulubione-banki.pl\/#\/schema\/person\/7504daa1e2807bb49ab2611466885c97\"},\"description\":\"Odkryj modne pomys\u0142y na zestawienia z be\u017cow\u0105 kurtk\u0105 na jesie\u0144! Sprawd\u017a, jak j\u0105 stylowo \u0142\u0105czy\u0107 i piel\u0119gnowa\u0107 w swojej garderobie.\",\"breadcrumb\":{\"@id\":\"https:\/\/moje-ulubione-banki.pl\/stylowe-pomysly-na-zestawienia-z-bezowa-kurtka-na-jesien\/#breadcrumb\"},\"inLanguage\":\"ro-RO\",\"potentialAction\":[{\"@type\":\"ReadAction\",\"target\":[\"https:\/\/moje-ulubione-banki.pl\/stylowe-pomysly-na-zestawienia-z-bezowa-kurtka-na-jesien\/\"]}]},{\"@type\":\"ImageObject\",\"inLanguage\":\"ro-RO\",\"@id\":\"https:\/\/moje-ulubione-banki.pl\/stylowe-pomysly-na-zestawienia-z-bezowa-kurtka-na-jesien\/#primaryimage\",\"url\":\"https:\/\/moje-ulubione-banki.pl\/wp-content\/uploads\/2025\/01\/imageda0a91388dcb43649e3b23596d4d233b.png\",\"contentUrl\":\"https:\/\/moje-ulubione-banki.pl\/wp-content\/uploads\/2025\/01\/imageda0a91388dcb43649e3b23596d4d233b.png\",\"width\":1024,\"height\":768},{\"@type\":\"BreadcrumbList\",\"@id\":\"https:\/\/moje-ulubione-banki.pl\/stylowe-pomysly-na-zestawienia-z-bezowa-kurtka-na-jesien\/#breadcrumb\",\"itemListElement\":[{\"@type\":\"ListItem\",\"position\":1,\"name\":\"Home\",\"item\":\"https:\/\/moje-ulubione-banki.pl\/\"},{\"@type\":\"ListItem\",\"position\":2,\"name\":\"Stylowe pomys\u0142y na zestawienia z be\u017cow\u0105 kurtk\u0105 na jesie\u0144\"}]},{\"@type\":\"WebSite\",\"@id\":\"https:\/\/moje-ulubione-banki.pl\/#website\",\"url\":\"https:\/\/moje-ulubione-banki.pl\/\",\"name\":\"moje-ulubione-banki.pl\",\"description\":\"Bielizna dla par: wsp\u00f3lne chwile w stylu.\",\"potentialAction\":[{\"@type\":\"SearchAction\",\"target\":{\"@type\":\"EntryPoint\",\"urlTemplate\":\"https:\/\/moje-ulubione-banki.pl\/?s={search_term_string}\"},\"query-input\":\"required name=search_term_string\"}],\"inLanguage\":\"ro-RO\"},{\"@type\":\"Person\",\"@id\":\"https:\/\/moje-ulubione-banki.pl\/#\/schema\/person\/7504daa1e2807bb49ab2611466885c97\",\"name\":\"Aleksandra Szczepa\u0144ska\",\"image\":{\"@type\":\"ImageObject\",\"inLanguage\":\"ro-RO\",\"@id\":\"https:\/\/moje-ulubione-banki.pl\/#\/schema\/person\/image\/\",\"url\":\"https:\/\/moje-ulubione-banki.pl\/wp-content\/uploads\/2025\/02\/aleksandra-szczepanska_avatar-96x96.jpg\",\"contentUrl\":\"https:\/\/moje-ulubione-banki.pl\/wp-content\/uploads\/2025\/02\/aleksandra-szczepanska_avatar-96x96.jpg\",\"caption\":\"Aleksandra Szczepa\u0144ska\"},\"description\":\"Jestem Aleksandra Szczepa\u0144ska, pasjonatka mody i stylu. Specjalizuj\u0119 si\u0119 w analizie trend\u00f3w odzie\u017cowych oraz doradztwie w zakresie personalnego stylu.\",\"url\":\"https:\/\/moje-ulubione-banki.pl\/ro\/author\/aleksandra-szczepanska\/\"}]}<\/script>\n<!-- \/ Yoast SEO plugin. -->","yoast_head_json":{"title":"Stylowe zestawienia z be\u017cow\u0105 kurtk\u0105 na jesie\u0144 - Inspiracje i porady","description":"Odkryj modne pomys\u0142y na zestawienia z be\u017cow\u0105 kurtk\u0105 na jesie\u0144! Sprawd\u017a, jak j\u0105 stylowo \u0142\u0105czy\u0107 i piel\u0119gnowa\u0107 w swojej garderobie.","robots":{"index":"index","follow":"follow","max-snippet":"max-snippet:-1","max-image-preview":"max-image-preview:large","max-video-preview":"max-video-preview:-1"},"canonical":"https:\/\/moje-ulubione-banki.pl\/ro\/stylowe-pomysly-na-zestawienia-z-bezowa-kurtka-na-jesien\/","og_locale":"ro_RO","og_type":"article","og_title":"Stylowe zestawienia z be\u017cow\u0105 kurtk\u0105 na jesie\u0144 - Inspiracje i porady","og_description":"Odkryj modne pomys\u0142y na zestawienia z be\u017cow\u0105 kurtk\u0105 na jesie\u0144! Sprawd\u017a, jak j\u0105 stylowo \u0142\u0105czy\u0107 i piel\u0119gnowa\u0107 w swojej garderobie.","og_url":"https:\/\/moje-ulubione-banki.pl\/ro\/stylowe-pomysly-na-zestawienia-z-bezowa-kurtka-na-jesien\/","og_site_name":"moje-ulubione-banki.pl","article_published_time":"2025-01-28T00:00:00+00:00","article_modified_time":"2025-02-25T13:04:23+00:00","og_image":[{"width":1024,"height":768,"url":"https:\/\/moje-ulubione-banki.pl\/wp-content\/uploads\/2025\/01\/imageda0a91388dcb43649e3b23596d4d233b.png","type":"image\/png"}],"author":"Aleksandra Szczepa\u0144ska","twitter_card":"summary_large_image","twitter_misc":{"Scris de":"Aleksandra Szczepa\u0144ska","Timp estimat pentru citire":"4 minute"},"schema":{"@context":"https:\/\/schema.org","@graph":[{"@type":"WebPage","@id":"https:\/\/moje-ulubione-banki.pl\/stylowe-pomysly-na-zestawienia-z-bezowa-kurtka-na-jesien\/","url":"https:\/\/moje-ulubione-banki.pl\/stylowe-pomysly-na-zestawienia-z-bezowa-kurtka-na-jesien\/","name":"Stylowe zestawienia z be\u017cow\u0105 kurtk\u0105 na jesie\u0144 - Inspiracje i porady","isPartOf":{"@id":"https:\/\/moje-ulubione-banki.pl\/#website"},"primaryImageOfPage":{"@id":"https:\/\/moje-ulubione-banki.pl\/stylowe-pomysly-na-zestawienia-z-bezowa-kurtka-na-jesien\/#primaryimage"},"image":{"@id":"https:\/\/moje-ulubione-banki.pl\/stylowe-pomysly-na-zestawienia-z-bezowa-kurtka-na-jesien\/#primaryimage"},"thumbnailUrl":"https:\/\/moje-ulubione-banki.pl\/wp-content\/uploads\/2025\/01\/imageda0a91388dcb43649e3b23596d4d233b.png","datePublished":"2025-01-28T00:00:00+00:00","dateModified":"2025-02-25T13:04:23+00:00","author":{"@id":"https:\/\/moje-ulubione-banki.pl\/#\/schema\/person\/7504daa1e2807bb49ab2611466885c97"},"description":"Odkryj modne pomys\u0142y na zestawienia z be\u017cow\u0105 kurtk\u0105 na jesie\u0144! Sprawd\u017a, jak j\u0105 stylowo \u0142\u0105czy\u0107 i piel\u0119gnowa\u0107 w swojej garderobie.","breadcrumb":{"@id":"https:\/\/moje-ulubione-banki.pl\/stylowe-pomysly-na-zestawienia-z-bezowa-kurtka-na-jesien\/#breadcrumb"},"inLanguage":"ro-RO","potentialAction":[{"@type":"ReadAction","target":["https:\/\/moje-ulubione-banki.pl\/stylowe-pomysly-na-zestawienia-z-bezowa-kurtka-na-jesien\/"]}]},{"@type":"ImageObject","inLanguage":"ro-RO","@id":"https:\/\/moje-ulubione-banki.pl\/stylowe-pomysly-na-zestawienia-z-bezowa-kurtka-na-jesien\/#primaryimage","url":"https:\/\/moje-ulubione-banki.pl\/wp-content\/uploads\/2025\/01\/imageda0a91388dcb43649e3b23596d4d233b.png","contentUrl":"https:\/\/moje-ulubione-banki.pl\/wp-content\/uploads\/2025\/01\/imageda0a91388dcb43649e3b23596d4d233b.png","width":1024,"height":768},{"@type":"BreadcrumbList","@id":"https:\/\/moje-ulubione-banki.pl\/stylowe-pomysly-na-zestawienia-z-bezowa-kurtka-na-jesien\/#breadcrumb","itemListElement":[{"@type":"ListItem","position":1,"name":"Home","item":"https:\/\/moje-ulubione-banki.pl\/"},{"@type":"ListItem","position":2,"name":"Stylowe pomys\u0142y na zestawienia z be\u017cow\u0105 kurtk\u0105 na jesie\u0144"}]},{"@type":"WebSite","@id":"https:\/\/moje-ulubione-banki.pl\/#website","url":"https:\/\/moje-ulubione-banki.pl\/","name":"moje-ulubione-banki.pl","description":"Bielizna dla par: wsp\u00f3lne chwile w stylu.","potentialAction":[{"@type":"SearchAction","target":{"@type":"EntryPoint","urlTemplate":"https:\/\/moje-ulubione-banki.pl\/?s={search_term_string}"},"query-input":"required name=search_term_string"}],"inLanguage":"ro-RO"},{"@type":"Person","@id":"https:\/\/moje-ulubione-banki.pl\/#\/schema\/person\/7504daa1e2807bb49ab2611466885c97","name":"Aleksandra Szczepa\u0144ska","image":{"@type":"ImageObject","inLanguage":"ro-RO","@id":"https:\/\/moje-ulubione-banki.pl\/#\/schema\/person\/image\/","url":"https:\/\/moje-ulubione-banki.pl\/wp-content\/uploads\/2025\/02\/aleksandra-szczepanska_avatar-96x96.jpg","contentUrl":"https:\/\/moje-ulubione-banki.pl\/wp-content\/uploads\/2025\/02\/aleksandra-szczepanska_avatar-96x96.jpg","caption":"Aleksandra Szczepa\u0144ska"},"description":"Jestem Aleksandra Szczepa\u0144ska, pasjonatka mody i stylu. Specjalizuj\u0119 si\u0119 w analizie trend\u00f3w odzie\u017cowych oraz doradztwie w zakresie personalnego stylu.","url":"https:\/\/moje-ulubione-banki.pl\/ro\/author\/aleksandra-szczepanska\/"}]}},"yoast_meta":{"yoast_wpseo_title":"","yoast_wpseo_metadesc":"","yoast_wpseo_canonical":"https:\/\/moje-ulubione-banki.pl\/ro\/wp-json\/wp\/v2\/posts\/375"},"_links":{"self":[{"href":"https:\/\/moje-ulubione-banki.pl\/ro\/wp-json\/wp\/v2\/posts\/375"}],"collection":[{"href":"https:\/\/moje-ulubione-banki.pl\/ro\/wp-json\/wp\/v2\/posts"}],"about":[{"href":"https:\/\/moje-ulubione-banki.pl\/ro\/wp-json\/wp\/v2\/types\/post"}],"author":[{"embeddable":true,"href":"https:\/\/moje-ulubione-banki.pl\/ro\/wp-json\/wp\/v2\/users\/2"}],"replies":[{"embeddable":true,"href":"https:\/\/moje-ulubione-banki.pl\/ro\/wp-json\/wp\/v2\/comments?post=375"}],"version-history":[{"count":2,"href":"https:\/\/moje-ulubione-banki.pl\/ro\/wp-json\/wp\/v2\/posts\/375\/revisions"}],"predecessor-version":[{"id":485,"href":"https:\/\/moje-ulubione-banki.pl\/ro\/wp-json\/wp\/v2\/posts\/375\/revisions\/485"}],"wp:featuredmedia":[{"embeddable":true,"href":"https:\/\/moje-ulubione-banki.pl\/ro\/wp-json\/wp\/v2\/media\/371"}],"wp:attachment":[{"href":"https:\/\/moje-ulubione-banki.pl\/ro\/wp-json\/wp\/v2\/media?parent=375"}],"wp:term":[{"taxonomy":"category","embeddable":true,"href":"https:\/\/moje-ulubione-banki.pl\/ro\/wp-json\/wp\/v2\/categories?post=375"},{"taxonomy":"post_tag","embeddable":true,"href":"https:\/\/moje-ulubione-banki.pl\/ro\/wp-json\/wp\/v2\/tags?post=375"}],"curies":[{"name":"wp","href":"https:\/\/api.w.org\/{rel}","templated":true}]}}