{"id":360,"date":"2025-01-26T00:00:00","date_gmt":"2025-01-26T00:00:00","guid":{"rendered":"https:\/\/moje-ulubione-banki.pl\/?p=360"},"modified":"2025-01-26T00:00:00","modified_gmt":"2025-01-26T00:00:00","slug":"kurtki-pikowane-na-zime-faworyci-sezonu","status":"publish","type":"post","link":"https:\/\/moje-ulubione-banki.pl\/ro\/kurtki-pikowane-na-zime-faworyci-sezonu\/","title":{"rendered":"Jachete matlasate de iarn\u0103: Favoritele sezonului"},"content":{"rendered":"<div class=\"kk-star-ratings kksr-auto kksr-align-left kksr-valign-top\"\n    data-payload='{&quot;align&quot;:&quot;left&quot;,&quot;id&quot;:&quot;360&quot;,&quot;slug&quot;:&quot;default&quot;,&quot;valign&quot;:&quot;top&quot;,&quot;ignore&quot;:&quot;&quot;,&quot;reference&quot;:&quot;auto&quot;,&quot;class&quot;:&quot;&quot;,&quot;count&quot;:&quot;0&quot;,&quot;legendonly&quot;:&quot;&quot;,&quot;readonly&quot;:&quot;&quot;,&quot;score&quot;:&quot;0&quot;,&quot;starsonly&quot;:&quot;&quot;,&quot;best&quot;:&quot;5&quot;,&quot;gap&quot;:&quot;5&quot;,&quot;greet&quot;:&quot;&quot;,&quot;legend&quot;:&quot;0\\\/5 - (0 votes)&quot;,&quot;size&quot;:&quot;24&quot;,&quot;title&quot;:&quot;Kurtki pikowane na zim\u0119: faworyci sezonu&quot;,&quot;width&quot;:&quot;0&quot;,&quot;_legend&quot;:&quot;{score}\\\/{best} - ({count} {votes})&quot;,&quot;font_factor&quot;:&quot;1.25&quot;}'>\n            \n<div class=\"kksr-stars\">\n    \n<div class=\"kksr-stars-inactive\">\n            <div class=\"kksr-star\" data-star=\"1\" style=\"padding-right: 5px\">\n            \n\n<div class=\"kksr-icon\" style=\"width: 24px; height: 24px;\"><\/div>\n        <\/div>\n            <div class=\"kksr-star\" data-star=\"2\" style=\"padding-right: 5px\">\n            \n\n<div class=\"kksr-icon\" style=\"width: 24px; height: 24px;\"><\/div>\n        <\/div>\n            <div class=\"kksr-star\" data-star=\"3\" style=\"padding-right: 5px\">\n            \n\n<div class=\"kksr-icon\" style=\"width: 24px; height: 24px;\"><\/div>\n        <\/div>\n            <div class=\"kksr-star\" data-star=\"4\" style=\"padding-right: 5px\">\n            \n\n<div class=\"kksr-icon\" style=\"width: 24px; height: 24px;\"><\/div>\n        <\/div>\n            <div class=\"kksr-star\" data-star=\"5\" style=\"padding-right: 5px\">\n            \n\n<div class=\"kksr-icon\" style=\"width: 24px; height: 24px;\"><\/div>\n        <\/div>\n    <\/div>\n    \n<div class=\"kksr-stars-active\" style=\"width: 0px;\">\n            <div class=\"kksr-star\" style=\"padding-right: 5px\">\n            \n\n<div class=\"kksr-icon\" style=\"width: 24px; height: 24px;\"><\/div>\n        <\/div>\n            <div class=\"kksr-star\" style=\"padding-right: 5px\">\n            \n\n<div class=\"kksr-icon\" style=\"width: 24px; height: 24px;\"><\/div>\n        <\/div>\n            <div class=\"kksr-star\" style=\"padding-right: 5px\">\n            \n\n<div class=\"kksr-icon\" style=\"width: 24px; height: 24px;\"><\/div>\n        <\/div>\n            <div class=\"kksr-star\" style=\"padding-right: 5px\">\n            \n\n<div class=\"kksr-icon\" style=\"width: 24px; height: 24px;\"><\/div>\n        <\/div>\n            <div class=\"kksr-star\" style=\"padding-right: 5px\">\n            \n\n<div class=\"kksr-icon\" style=\"width: 24px; height: 24px;\"><\/div>\n        <\/div>\n    <\/div>\n<\/div>\n                \n\n<div class=\"kksr-legend\" style=\"font-size: 19.2px;\">\n            <span class=\"kksr-muted\"><\/span>\n    <\/div>\n    <\/div>\n<p>Sezonul de iarn\u0103 se apropie cu pa\u0219i repezi, iar odat\u0103 cu el vine \u0219i nevoia de a v\u0103 re\u00eemprosp\u0103ta garderoba. Jachetele matlasate au devenit nu doar o alegere la mod\u0103, ci \u0219i un element esen\u021bial al vestimenta\u021biei noastre pentru zilele reci. Mul\u021bi oameni se confrunt\u0103 cu provocarea de a alege modelul potrivit, care s\u0103 fie at\u00e2t elegant, c\u00e2t \u0219i func\u021bional. \u00cen acest articol, vom analiza mai \u00eendeaproape cele mai populare jachete matlasate pentru iarn\u0103, diferitele lor stiluri \u0219i materialele care sunt la mod\u0103 \u00een prezent. Se va dovedi c\u0103 o jachet\u0103 matlasat\u0103 este mai mult dec\u00e2t un simplu element vestimentar c\u0103lduros. Este un must-have care ar trebui s\u0103 fie \u00een fiecare garderob\u0103!<\/p>\n<p>Jachetele matlasate sunt caracterizate de o u\u0219urin\u021b\u0103 de neegalat, iar umplutura lor protejeaz\u0103 eficient \u00eempotriva temperaturilor sc\u0103zute. Popularitatea lor \u00eenseamn\u0103 c\u0103 designerii ne surprind cu idei noi \u0219i solu\u021bii interesante \u00een fiecare sezon. Nu este doar o \u00eembr\u0103c\u0103minte c\u0103lduroas\u0103, ci \u0219i o modalitate excelent\u0103 de a-\u021bi exprima stilul. Indiferent dac\u0103 mergi la o plimbare de iarn\u0103 sau la cump\u0103r\u0103turi \u00een ora\u0219, modelul potrivit de jachet\u0103 matlasat\u0103 va fi companionul perfect. \u00cen articolul urm\u0103tor vei g\u0103si informa\u021bii care te vor ajuta s\u0103 faci cea mai bun\u0103 alegere \u00een acest sezon.<\/p>\n<h2>De ce s\u0103 alegi o jachet\u0103 matlasat\u0103?<\/h2>\n<p><img decoding=\"async\" alt=\"M\u0119\u017cczyzna w czerwonej kurtce stoi na ulicy, w tle sklepy i budynki. Jest zimowy dzie\u0144.\" src=\"https:\/\/moje-ulubione-banki.pl\/wp-content\/uploads\/2025\/01\/image7ecfd0004a744934aeeae52c5d6b5aaf.png\"\/><\/p>\n<p>Jachetele matlasate au c\u00e2\u0219tigat recunoa\u0219tere pentru propriet\u0103\u021bile lor unice. Datorit\u0103 tehnologiilor moderne introduse \u00een produc\u021bia de jachete, favoritele lor nu sunt doar elegante, ci \u0219i foarte func\u021bionale. Primul lucru care atrage aten\u021bia este izola\u021bia termic\u0103 excelent\u0103. Umpluturile speciale, cum ar fi puful sintetic, re\u021bin eficient c\u0103ldura, ceea ce este crucial \u00een zilele de iarn\u0103. \u00cen plus, multe modele sunt impermeabile, ceea ce ofer\u0103 protec\u021bie \u00eempotriva intemperiilor.<\/p>\n<p>Totu\u0219i, jachetele matlasate nu ofer\u0103 doar c\u0103ldur\u0103 \u0219i protec\u021bie. Sunt, de asemenea, foarte elegante \u0219i disponibile \u00een multe stiluri care se \u00eencadreaz\u0103 \u00een diverse tendin\u021be ale modei. De asemenea, merit\u0103 s\u0103 acorda\u021bi aten\u021bie detaliilor precum buzunarele, fermoarele \u0219i stilurile care pot accentua individualitatea utilizatorului. Prin urmare, este bine s\u0103 acorda\u021bi aten\u021bie celor mai recente oferte din magazin \u0219i s\u0103 investi\u021bi \u00eentr-o jachet\u0103 care s\u0103 ne satisfac\u0103 a\u0219tept\u0103rile at\u00e2t din punct de vedere estetic, c\u00e2t \u0219i func\u021bional.<\/p>\n<h2>Cele mai la mod\u0103 jachete matlasate pentru sezonul 2024\/2025<\/h2>\n<p><img decoding=\"async\" alt=\"Grupa pi\u0119ciu przyjaci\u00f3\u0142 w zimowych kurtkach, u\u015bmiechaj\u0105cych si\u0119 na tle \u015bwi\u0105tecznej dekoracji.\" src=\"https:\/\/moje-ulubione-banki.pl\/wp-content\/uploads\/2025\/01\/image9f71c78ae135459c92e43243d09d2e8a.png\"\/><\/p>\n<p>\u00cen acest sezon, jachetele matlasate au dominat str\u0103zile, iar diversitatea lor ofer\u0103 numeroase posibilit\u0103\u021bi. Persoanele care pre\u021buiesc moda vor g\u0103si numeroase op\u021biuni interesante. Multe branduri ofer\u0103 at\u00e2t versiuni lungi, c\u00e2t \u0219i scurte. Jachetele lungi sunt ideale pentru condi\u021bii riguroase, c\u00e2nd temperatura scade mult sub zero grade. La r\u00e2ndul lor, modelele scurte sunt mai versatile, potrivite at\u00e2t pentru seturi sportive, c\u00e2t \u0219i pentru cele elegante. Iat\u0103 c\u00e2teva informa\u021bii despre cele mai la mod\u0103 jachete pentru acest sezon:<\/p>\n<table border=\"1\">\n<tr>\n<th>Model<\/th>\n<th>Culoare<\/th>\n<th>Material<\/th>\n<\/tr>\n<tr>\n<td>Jacheta A<\/td>\n<td>Negru<\/td>\n<td>Poliester<\/td>\n<\/tr>\n<tr>\n<td>Jachet\u0103 B<\/td>\n<td>Ro\u015fu<\/td>\n<td>Nailon<\/td>\n<\/tr>\n<tr>\n<td>Jacheta C<\/td>\n<td>Albastru marin<\/td>\n<td>Material reciclat<\/td>\n<\/tr>\n<\/table>\n<p>Culorile \u0219i modelele joac\u0103, de asemenea, un rol cheie \u00een crearea stilurilor de iarn\u0103. \u00cen sezonul 2023\/2024, ne concentr\u0103m pe nuan\u021be subtile, precum negru, bleumarin \u0219i gri, care vor crea baza unor \u021binute la mod\u0103. \u00cenc\u0103l\u021b\u0103mintea, gen\u021bile de m\u00e2n\u0103 \u0219i accesoriile pot fi u\u0219or asortate cu astfel de culori. Pentru cei care abordeaz\u0103 moda cu \u00eendr\u0103zneal\u0103, vor fi disponibile \u0219i nuan\u021be energice de ro\u0219u, verde \u0219i imprimeuri interesante. A\u0219adar, avem combina\u021bii pentru toate gusturile - at\u00e2t pentru iubitorii de clasice, c\u00e2t \u0219i pentru pasiona\u021bii de extravagan\u021b\u0103.<\/p>\n<h2>Cum s\u0103 alegi o jachet\u0103 matlasat\u0103 pentru silueta ta?<\/h2>\n<p>Alegerea jachetei matlasate potrivite trebuie adaptat\u0103 la criterii individuale, inclusiv la tipul de corp. O jachet\u0103 bine aleas\u0103 nu numai c\u0103 ofer\u0103 c\u0103ldur\u0103, dar eviden\u021biaz\u0103 \u0219i atuurile siluetei \u0219i mascheaz\u0103 orice neajunsuri. G\u0103sirea stilului perfect este cheia satisfac\u021biei fa\u021b\u0103 de achizi\u021bie. Merit\u0103 s\u0103 fii atent la varietatea de modele disponibile \u0219i s\u0103 iei \u00een considerare ce se potrive\u0219te cel mai bine siluetei tale. Fiecare tip de corp are propriile nevoi care merit\u0103 satisf\u0103cute.<\/p>\n<p>Iat\u0103 c\u00e2teva sfaturi care te pot ajuta s\u0103 g\u0103se\u0219ti jacheta perfect\u0103:<\/p>\n<ul>\n<li><strong>Siluet\u0103 de m\u0103r:<\/strong> Alege jachete \u00een linie A care \u00ee\u021bi sub\u021biaz\u0103 vizual talia. Modelele cu talie \u00eenalt\u0103 pot ad\u0103uga elegan\u021b\u0103.<\/li>\n<li><strong>Siluet\u0103 de clepsidr\u0103:<\/strong> Jachetele cu curea subliniaz\u0103 cel mai bine formele feminine \u0219i atrag privirea spre talie.<\/li>\n<li><strong>Siluet\u0103 dreptunghiular\u0103:<\/strong> Alege jachete cu aplica\u021bii care vor ad\u0103uga volum umerilor \u0219i \u0219oldurilor.<\/li>\n<li><strong>Siluet\u0103 de par\u0103:<\/strong> Jachetele cu croial\u0103 dreapt\u0103 \u0219i fund evazat vor ajuta la echilibrarea propor\u021biilor corpului.<\/li>\n<\/ul>\n<h2>Rezumat<\/h2>\n<p>Jachetele matlasate sunt un element indispensabil pentru orice garderob\u0103 de iarn\u0103. Alegerea modelului \u0219i stilului potrivit v\u0103 va permite s\u0103 combina\u021bi stilul cu confortul, ceea ce este crucial \u00een lunile de iarn\u0103. Merit\u0103 s\u0103 nu uita\u021bi s\u0103 asorta\u021bi jachetele cu silueta \u0219i preferin\u021bele voastre \u00een materie de mod\u0103. Datorit\u0103 variet\u0103\u021bii de oferte de pe pia\u021b\u0103, ve\u021bi g\u0103si cu siguran\u021b\u0103 ceva potrivit pentru dumneavoastr\u0103, care s\u0103 adauge caracter \u0219i c\u0103ldur\u0103 \u00een zilele geroase.<\/p>\n<h2>\u00centreb\u0103ri frecvente<\/h2>\n<ul>\n<li><strong>Ce materiale sunt cele mai bune pentru jachetele matlasate?<\/strong> Cele mai bune materiale sunt poliesterul \u0219i nailonul, care sunt impermeabile \u0219i u\u0219or de \u00eentre\u021binut.<\/li>\n<li><strong>Sunt jachetele matlasate potrivite pentru condi\u021bii meteorologice extreme?<\/strong> Da, multe modele sunt proiectate av\u00e2nd \u00een vedere condi\u021biile extreme, iar tehnologia de umplere ofer\u0103 o izola\u021bie adecvat\u0103.<\/li>\n<li><strong>Cum s\u0103 \u00eengrije\u0219ti jachetele matlasate?<\/strong> Se recomand\u0103 sp\u0103larea la temperaturi sc\u0103zute \u0219i evitarea usc\u0103rii \u00een usc\u0103tor.<\/li>\n<li><strong>Unde s\u0103 cumperi jachete matlasate elegante?<\/strong> Jachetele puffer pot fi g\u0103site \u00een magazinele locale de \u00eembr\u0103c\u0103minte, precum \u0219i \u00een buticuri online care ofer\u0103 o gam\u0103 larg\u0103 de modele.<\/li>\n<li><strong>Ce jachete matlasate sunt disponibile \u00een produc\u021bia sustenabil\u0103?<\/strong> Multe branduri introduc jachete matlasate fabricate din materiale reciclate \u0219i cu respect pentru mediu.<\/li>\n<\/ul>","protected":false},"excerpt":{"rendered":"<p>Sezon zimowy zbli\u017ca si\u0119 wielkimi krokami, a wraz z nim pojawia si\u0119 potrzeba od\u015bwie\u017cenia garderoby. Kurtki pikowane sta\u0142y si\u0119 nie tylko modnym wyborem, ale tak\u017ce niezb\u0119dnym elementem naszej odzie\u017cy na ch\u0142odne dni. Wiele os\u00f3b staje przed wyborem odpowiedniego modelu, kt\u00f3ry b\u0119dzie zar\u00f3wno stylowy, jak i funkcjonalny. W tym artykule przyjrzymy si\u0119 bli\u017cej najpopularniejszym kurtkom pikowanym [&hellip;]<\/p>","protected":false},"author":1,"featured_media":345,"comment_status":"closed","ping_status":"closed","sticky":false,"template":"","format":"standard","meta":{"_acf_changed":false,"footnotes":""},"categories":[1],"tags":[],"class_list":["post-360","post","type-post","status-publish","format-standard","has-post-thumbnail","hentry","category-blog"],"acf":[],"yoast_head":"<!-- This site is optimized with the Yoast SEO plugin v23.2 - https:\/\/yoast.com\/wordpress\/plugins\/seo\/ -->\n<title>Kurtki pikowane na zim\u0119: Odkryj faworyt\u00f3w sezonu 2024\/2025<\/title>\n<meta name=\"description\" content=\"Sprawd\u017a, jakie kurtki pikowane s\u0105 hitem zimowego sezonu. Wybierz model idealny dla siebie i ciesz si\u0119 stylem oraz komfortem!\" \/>\n<meta name=\"robots\" content=\"index, follow, max-snippet:-1, max-image-preview:large, max-video-preview:-1\" \/>\n<link rel=\"canonical\" href=\"https:\/\/moje-ulubione-banki.pl\/ro\/kurtki-pikowane-na-zime-faworyci-sezonu\/\" \/>\n<meta property=\"og:locale\" content=\"ro_RO\" \/>\n<meta property=\"og:type\" content=\"article\" \/>\n<meta property=\"og:title\" content=\"Kurtki pikowane na zim\u0119: Odkryj faworyt\u00f3w sezonu 2024\/2025\" \/>\n<meta property=\"og:description\" content=\"Sprawd\u017a, jakie kurtki pikowane s\u0105 hitem zimowego sezonu. Wybierz model idealny dla siebie i ciesz si\u0119 stylem oraz komfortem!\" \/>\n<meta property=\"og:url\" content=\"https:\/\/moje-ulubione-banki.pl\/ro\/kurtki-pikowane-na-zime-faworyci-sezonu\/\" \/>\n<meta property=\"og:site_name\" content=\"moje-ulubione-banki.pl\" \/>\n<meta property=\"article:published_time\" content=\"2025-01-26T00:00:00+00:00\" \/>\n<meta property=\"og:image\" content=\"https:\/\/moje-ulubione-banki.pl\/wp-content\/uploads\/2025\/01\/imagef247fe1a5d1b4aed96c3e3cf884bc7c3.png\" \/>\n\t<meta property=\"og:image:width\" content=\"1024\" \/>\n\t<meta property=\"og:image:height\" content=\"768\" \/>\n\t<meta property=\"og:image:type\" content=\"image\/png\" \/>\n<meta name=\"author\" content=\"Alicja Walczak\" \/>\n<meta name=\"twitter:card\" content=\"summary_large_image\" \/>\n<meta name=\"twitter:label1\" content=\"Scris de\" \/>\n\t<meta name=\"twitter:data1\" content=\"Alicja Walczak\" \/>\n\t<meta name=\"twitter:label2\" content=\"Timp estimat pentru citire\" \/>\n\t<meta name=\"twitter:data2\" content=\"5 minute\" \/>\n<script type=\"application\/ld+json\" class=\"yoast-schema-graph\">{\"@context\":\"https:\/\/schema.org\",\"@graph\":[{\"@type\":\"WebPage\",\"@id\":\"https:\/\/moje-ulubione-banki.pl\/kurtki-pikowane-na-zime-faworyci-sezonu\/\",\"url\":\"https:\/\/moje-ulubione-banki.pl\/kurtki-pikowane-na-zime-faworyci-sezonu\/\",\"name\":\"Kurtki pikowane na zim\u0119: Odkryj faworyt\u00f3w sezonu 2024\/2025\",\"isPartOf\":{\"@id\":\"https:\/\/moje-ulubione-banki.pl\/#website\"},\"primaryImageOfPage\":{\"@id\":\"https:\/\/moje-ulubione-banki.pl\/kurtki-pikowane-na-zime-faworyci-sezonu\/#primaryimage\"},\"image\":{\"@id\":\"https:\/\/moje-ulubione-banki.pl\/kurtki-pikowane-na-zime-faworyci-sezonu\/#primaryimage\"},\"thumbnailUrl\":\"https:\/\/moje-ulubione-banki.pl\/wp-content\/uploads\/2025\/01\/imagef247fe1a5d1b4aed96c3e3cf884bc7c3.png\",\"datePublished\":\"2025-01-26T00:00:00+00:00\",\"dateModified\":\"2025-01-26T00:00:00+00:00\",\"author\":{\"@id\":\"https:\/\/moje-ulubione-banki.pl\/#\/schema\/person\/46c1e237f90b17c4755f2b1c99ff255d\"},\"description\":\"Sprawd\u017a, jakie kurtki pikowane s\u0105 hitem zimowego sezonu. Wybierz model idealny dla siebie i ciesz si\u0119 stylem oraz komfortem!\",\"breadcrumb\":{\"@id\":\"https:\/\/moje-ulubione-banki.pl\/kurtki-pikowane-na-zime-faworyci-sezonu\/#breadcrumb\"},\"inLanguage\":\"ro-RO\",\"potentialAction\":[{\"@type\":\"ReadAction\",\"target\":[\"https:\/\/moje-ulubione-banki.pl\/kurtki-pikowane-na-zime-faworyci-sezonu\/\"]}]},{\"@type\":\"ImageObject\",\"inLanguage\":\"ro-RO\",\"@id\":\"https:\/\/moje-ulubione-banki.pl\/kurtki-pikowane-na-zime-faworyci-sezonu\/#primaryimage\",\"url\":\"https:\/\/moje-ulubione-banki.pl\/wp-content\/uploads\/2025\/01\/imagef247fe1a5d1b4aed96c3e3cf884bc7c3.png\",\"contentUrl\":\"https:\/\/moje-ulubione-banki.pl\/wp-content\/uploads\/2025\/01\/imagef247fe1a5d1b4aed96c3e3cf884bc7c3.png\",\"width\":1024,\"height\":768},{\"@type\":\"BreadcrumbList\",\"@id\":\"https:\/\/moje-ulubione-banki.pl\/kurtki-pikowane-na-zime-faworyci-sezonu\/#breadcrumb\",\"itemListElement\":[{\"@type\":\"ListItem\",\"position\":1,\"name\":\"Home\",\"item\":\"https:\/\/moje-ulubione-banki.pl\/\"},{\"@type\":\"ListItem\",\"position\":2,\"name\":\"Kurtki pikowane na zim\u0119: faworyci sezonu\"}]},{\"@type\":\"WebSite\",\"@id\":\"https:\/\/moje-ulubione-banki.pl\/#website\",\"url\":\"https:\/\/moje-ulubione-banki.pl\/\",\"name\":\"moje-ulubione-banki.pl\",\"description\":\"Bielizna dla par: wsp\u00f3lne chwile w stylu.\",\"potentialAction\":[{\"@type\":\"SearchAction\",\"target\":{\"@type\":\"EntryPoint\",\"urlTemplate\":\"https:\/\/moje-ulubione-banki.pl\/?s={search_term_string}\"},\"query-input\":\"required name=search_term_string\"}],\"inLanguage\":\"ro-RO\"},{\"@type\":\"Person\",\"@id\":\"https:\/\/moje-ulubione-banki.pl\/#\/schema\/person\/46c1e237f90b17c4755f2b1c99ff255d\",\"name\":\"Alicja Walczak\",\"image\":{\"@type\":\"ImageObject\",\"inLanguage\":\"ro-RO\",\"@id\":\"https:\/\/moje-ulubione-banki.pl\/#\/schema\/person\/image\/\",\"url\":\"https:\/\/moje-ulubione-banki.pl\/wp-content\/uploads\/2025\/02\/ylyyhvjvmm3_ad_avatar-96x96.jpg\",\"contentUrl\":\"https:\/\/moje-ulubione-banki.pl\/wp-content\/uploads\/2025\/02\/ylyyhvjvmm3_ad_avatar-96x96.jpg\",\"caption\":\"Alicja Walczak\"},\"description\":\"Alicja Walczak to artystka, malarka i dziennikarka, kt\u00f3ra swoj\u0105 pasj\u0119 do sztuki i mody \u0142\u0105czy z do\u015bwiadczeniem w telewizji i modelingu.\",\"url\":\"https:\/\/moje-ulubione-banki.pl\/ro\/author\/alicja-walczak\/\"}]}<\/script>\n<!-- \/ Yoast SEO plugin. -->","yoast_head_json":{"title":"Kurtki pikowane na zim\u0119: Odkryj faworyt\u00f3w sezonu 2024\/2025","description":"Sprawd\u017a, jakie kurtki pikowane s\u0105 hitem zimowego sezonu. Wybierz model idealny dla siebie i ciesz si\u0119 stylem oraz komfortem!","robots":{"index":"index","follow":"follow","max-snippet":"max-snippet:-1","max-image-preview":"max-image-preview:large","max-video-preview":"max-video-preview:-1"},"canonical":"https:\/\/moje-ulubione-banki.pl\/ro\/kurtki-pikowane-na-zime-faworyci-sezonu\/","og_locale":"ro_RO","og_type":"article","og_title":"Kurtki pikowane na zim\u0119: Odkryj faworyt\u00f3w sezonu 2024\/2025","og_description":"Sprawd\u017a, jakie kurtki pikowane s\u0105 hitem zimowego sezonu. Wybierz model idealny dla siebie i ciesz si\u0119 stylem oraz komfortem!","og_url":"https:\/\/moje-ulubione-banki.pl\/ro\/kurtki-pikowane-na-zime-faworyci-sezonu\/","og_site_name":"moje-ulubione-banki.pl","article_published_time":"2025-01-26T00:00:00+00:00","og_image":[{"width":1024,"height":768,"url":"https:\/\/moje-ulubione-banki.pl\/wp-content\/uploads\/2025\/01\/imagef247fe1a5d1b4aed96c3e3cf884bc7c3.png","type":"image\/png"}],"author":"Alicja Walczak","twitter_card":"summary_large_image","twitter_misc":{"Scris de":"Alicja Walczak","Timp estimat pentru citire":"5 minute"},"schema":{"@context":"https:\/\/schema.org","@graph":[{"@type":"WebPage","@id":"https:\/\/moje-ulubione-banki.pl\/kurtki-pikowane-na-zime-faworyci-sezonu\/","url":"https:\/\/moje-ulubione-banki.pl\/kurtki-pikowane-na-zime-faworyci-sezonu\/","name":"Kurtki pikowane na zim\u0119: Odkryj faworyt\u00f3w sezonu 2024\/2025","isPartOf":{"@id":"https:\/\/moje-ulubione-banki.pl\/#website"},"primaryImageOfPage":{"@id":"https:\/\/moje-ulubione-banki.pl\/kurtki-pikowane-na-zime-faworyci-sezonu\/#primaryimage"},"image":{"@id":"https:\/\/moje-ulubione-banki.pl\/kurtki-pikowane-na-zime-faworyci-sezonu\/#primaryimage"},"thumbnailUrl":"https:\/\/moje-ulubione-banki.pl\/wp-content\/uploads\/2025\/01\/imagef247fe1a5d1b4aed96c3e3cf884bc7c3.png","datePublished":"2025-01-26T00:00:00+00:00","dateModified":"2025-01-26T00:00:00+00:00","author":{"@id":"https:\/\/moje-ulubione-banki.pl\/#\/schema\/person\/46c1e237f90b17c4755f2b1c99ff255d"},"description":"Sprawd\u017a, jakie kurtki pikowane s\u0105 hitem zimowego sezonu. Wybierz model idealny dla siebie i ciesz si\u0119 stylem oraz komfortem!","breadcrumb":{"@id":"https:\/\/moje-ulubione-banki.pl\/kurtki-pikowane-na-zime-faworyci-sezonu\/#breadcrumb"},"inLanguage":"ro-RO","potentialAction":[{"@type":"ReadAction","target":["https:\/\/moje-ulubione-banki.pl\/kurtki-pikowane-na-zime-faworyci-sezonu\/"]}]},{"@type":"ImageObject","inLanguage":"ro-RO","@id":"https:\/\/moje-ulubione-banki.pl\/kurtki-pikowane-na-zime-faworyci-sezonu\/#primaryimage","url":"https:\/\/moje-ulubione-banki.pl\/wp-content\/uploads\/2025\/01\/imagef247fe1a5d1b4aed96c3e3cf884bc7c3.png","contentUrl":"https:\/\/moje-ulubione-banki.pl\/wp-content\/uploads\/2025\/01\/imagef247fe1a5d1b4aed96c3e3cf884bc7c3.png","width":1024,"height":768},{"@type":"BreadcrumbList","@id":"https:\/\/moje-ulubione-banki.pl\/kurtki-pikowane-na-zime-faworyci-sezonu\/#breadcrumb","itemListElement":[{"@type":"ListItem","position":1,"name":"Home","item":"https:\/\/moje-ulubione-banki.pl\/"},{"@type":"ListItem","position":2,"name":"Kurtki pikowane na zim\u0119: faworyci sezonu"}]},{"@type":"WebSite","@id":"https:\/\/moje-ulubione-banki.pl\/#website","url":"https:\/\/moje-ulubione-banki.pl\/","name":"moje-ulubione-banki.pl","description":"Bielizna dla par: wsp\u00f3lne chwile w stylu.","potentialAction":[{"@type":"SearchAction","target":{"@type":"EntryPoint","urlTemplate":"https:\/\/moje-ulubione-banki.pl\/?s={search_term_string}"},"query-input":"required name=search_term_string"}],"inLanguage":"ro-RO"},{"@type":"Person","@id":"https:\/\/moje-ulubione-banki.pl\/#\/schema\/person\/46c1e237f90b17c4755f2b1c99ff255d","name":"Alicja Walczak","image":{"@type":"ImageObject","inLanguage":"ro-RO","@id":"https:\/\/moje-ulubione-banki.pl\/#\/schema\/person\/image\/","url":"https:\/\/moje-ulubione-banki.pl\/wp-content\/uploads\/2025\/02\/ylyyhvjvmm3_ad_avatar-96x96.jpg","contentUrl":"https:\/\/moje-ulubione-banki.pl\/wp-content\/uploads\/2025\/02\/ylyyhvjvmm3_ad_avatar-96x96.jpg","caption":"Alicja Walczak"},"description":"Alicja Walczak to artystka, malarka i dziennikarka, kt\u00f3ra swoj\u0105 pasj\u0119 do sztuki i mody \u0142\u0105czy z do\u015bwiadczeniem w telewizji i modelingu.","url":"https:\/\/moje-ulubione-banki.pl\/ro\/author\/alicja-walczak\/"}]}},"yoast_meta":{"yoast_wpseo_title":"","yoast_wpseo_metadesc":"","yoast_wpseo_canonical":"https:\/\/moje-ulubione-banki.pl\/ro\/wp-json\/wp\/v2\/posts\/360"},"_links":{"self":[{"href":"https:\/\/moje-ulubione-banki.pl\/ro\/wp-json\/wp\/v2\/posts\/360"}],"collection":[{"href":"https:\/\/moje-ulubione-banki.pl\/ro\/wp-json\/wp\/v2\/posts"}],"about":[{"href":"https:\/\/moje-ulubione-banki.pl\/ro\/wp-json\/wp\/v2\/types\/post"}],"author":[{"embeddable":true,"href":"https:\/\/moje-ulubione-banki.pl\/ro\/wp-json\/wp\/v2\/users\/1"}],"replies":[{"embeddable":true,"href":"https:\/\/moje-ulubione-banki.pl\/ro\/wp-json\/wp\/v2\/comments?post=360"}],"version-history":[{"count":1,"href":"https:\/\/moje-ulubione-banki.pl\/ro\/wp-json\/wp\/v2\/posts\/360\/revisions"}],"predecessor-version":[{"id":376,"href":"https:\/\/moje-ulubione-banki.pl\/ro\/wp-json\/wp\/v2\/posts\/360\/revisions\/376"}],"wp:featuredmedia":[{"embeddable":true,"href":"https:\/\/moje-ulubione-banki.pl\/ro\/wp-json\/wp\/v2\/media\/345"}],"wp:attachment":[{"href":"https:\/\/moje-ulubione-banki.pl\/ro\/wp-json\/wp\/v2\/media?parent=360"}],"wp:term":[{"taxonomy":"category","embeddable":true,"href":"https:\/\/moje-ulubione-banki.pl\/ro\/wp-json\/wp\/v2\/categories?post=360"},{"taxonomy":"post_tag","embeddable":true,"href":"https:\/\/moje-ulubione-banki.pl\/ro\/wp-json\/wp\/v2\/tags?post=360"}],"curies":[{"name":"wp","href":"https:\/\/api.w.org\/{rel}","templated":true}]}}